{"id":2972,"date":"2025-07-05T20:36:39","date_gmt":"2025-07-05T18:36:39","guid":{"rendered":"https:\/\/extrahome.cz\/?p=2972"},"modified":"2025-07-05T20:36:40","modified_gmt":"2025-07-05T18:36:40","slug":"bydleni-a-snidane-jak-spravne-prostredi-ovlivnuje-zacatek-dne","status":"publish","type":"post","link":"https:\/\/extrahome.cz\/?p=2972","title":{"rendered":"Bydlen\u00ed a sn\u00eddan\u011b: Jak spr\u00e1vn\u00e9 prost\u0159ed\u00ed ovliv\u0148uje za\u010d\u00e1tek dne"},"content":{"rendered":"\n<p>Bydlen\u00ed nen\u00ed jen o st\u011bn\u00e1ch a n\u00e1bytku \u2014 je to m\u00edsto, kde za\u010d\u00edn\u00e1me a kon\u010d\u00edme ka\u017ed\u00fd den. Jedn\u00edm z kl\u00ed\u010dov\u00fdch moment\u016f, kter\u00fd m\u016f\u017ee v\u00fdrazn\u011b ovlivnit na\u0161i n\u00e1ladu a energii, je sn\u00eddan\u011b. Proto stoj\u00ed za to zam\u011b\u0159it se na to, jak m\u016f\u017ee na\u0161e bydlen\u00ed podpo\u0159it zdrav\u00fd a p\u0159\u00edjemn\u00fd start do dne pr\u00e1v\u011b prost\u0159ednictv\u00edm sn\u00eddan\u011b.<\/p>\n\n\n\n<h4 class=\"wp-block-heading\">Prostor pro sn\u00eddani \u2013 srdce domova<\/h4>\n\n\n\n<p>V mnoha dom\u00e1cnostech je kuchyn\u011b nebo j\u00eddeln\u00ed kout m\u00edstem, kde se sch\u00e1z\u00ed rodina nebo spolubydl\u00edc\u00ed, aby spole\u010dn\u011b zah\u00e1jili den. Kvalitn\u00ed bydlen\u00ed proto \u010dasto zahrnuje dob\u0159e navr\u017een\u00fd j\u00eddeln\u00ed kout, kter\u00fd je sv\u011btl\u00fd, vzdu\u0161n\u00fd a pohodln\u00fd. Velk\u00fd st\u016fl, ergonomick\u00e9 \u017eidle a dostatek p\u0159irozen\u00e9ho sv\u011btla mohou v\u00fdrazn\u011b p\u0159isp\u011bt k tomu, \u017ee sn\u00eddan\u011b nen\u00ed jen nutn\u00fdm j\u00eddlem, ale i p\u0159\u00edjemn\u00fdm ritu\u00e1lem.<\/p>\n\n\n\n<h4 class=\"wp-block-heading\">V\u00fdhled a atmosf\u00e9ra<\/h4>\n\n\n\n<p>Pokud je to mo\u017en\u00e9, um\u00edst\u011bn\u00ed j\u00eddeln\u00edho stolu u okna s v\u00fdhledem do zelen\u011b nebo na m\u011bsto m\u016f\u017ee pozitivn\u011b ovlivnit na\u0161i psychiku. P\u0159\u00edjemn\u00fd v\u00fdhled p\u0159i sn\u00eddani pom\u00e1h\u00e1 nastartovat den v klidu a s dobr\u00fdm pocitem. D\u016fle\u017eit\u00e1 je tak\u00e9 p\u0159\u00edjemn\u00e1 atmosf\u00e9ra \u2013 \u010distota, uklizen\u00fd prostor a barevn\u00e9 lad\u011bn\u00ed interi\u00e9ru, kter\u00e9 podporuje chu\u0165 k j\u00eddlu a pohodu.<\/p>\n\n\n\n<h4 class=\"wp-block-heading\">Praktick\u00e9 uspo\u0159\u00e1d\u00e1n\u00ed kuchyn\u011b<\/h4>\n\n\n\n<p>Kdy\u017e je kuchyn\u011b uspo\u0159\u00e1dan\u00e1 tak, \u017ee p\u0159\u00edprava sn\u00eddan\u011b je rychl\u00e1 a jednoduch\u00e1, m\u016f\u017eeme si dop\u0159\u00e1t v\u00edce \u010dasu na klidn\u00e9 stolov\u00e1n\u00ed. Dostatek \u00falo\u017en\u00e9ho prostoru na sn\u00edda\u0148ov\u00e9 ingredience, snadno dostupn\u00e9 spot\u0159ebi\u010de jako k\u00e1vovar, toustova\u010d nebo mix\u00e9r, a p\u0159ehledn\u00e9 uspo\u0159\u00e1d\u00e1n\u00ed pracovn\u00edch ploch pom\u00e1haj\u00ed, aby rann\u00ed rutina nebyla stresuj\u00edc\u00ed.<\/p>\n\n\n\n<h4 class=\"wp-block-heading\">Rann\u00ed sv\u011btlo a jeho v\u00fdznam<\/h4>\n\n\n\n<p>Sv\u011btlo hraje v na\u0161em rytmu dne z\u00e1sadn\u00ed roli. Bydlen\u00ed orientovan\u00e9 tak, aby se do kuchyn\u011b \u010di j\u00eddelny dost\u00e1valo dostatek rann\u00edho denn\u00edho sv\u011btla, napom\u00e1h\u00e1 lep\u0161\u00edmu nastartov\u00e1n\u00ed organismu. Sv\u011btlo nejen zlep\u0161uje n\u00e1ladu, ale i stimuluje metabolismus a pom\u00e1h\u00e1 regulovat vnit\u0159n\u00ed hodiny t\u011bla.<\/p>\n\n\n\n<h4 class=\"wp-block-heading\">Sn\u00eddan\u011b jako soci\u00e1ln\u00ed ritu\u00e1l<\/h4>\n\n\n\n<p>Pro mnoh\u00e9 z n\u00e1s je sn\u00eddan\u011b tak\u00e9 chv\u00edl\u00ed, kdy se setk\u00e1v\u00e1me s rodinou nebo spolubydl\u00edc\u00edmi. Pohodln\u00e9 bydlen\u00ed podporuj\u00edc\u00ed spole\u010dn\u00e9 stolov\u00e1n\u00ed tedy p\u0159isp\u00edv\u00e1 k lep\u0161\u00ed komunikaci, posiluje vztahy a vytv\u00e1\u0159\u00ed pozitivn\u00ed za\u010d\u00e1tek dne.<\/p>\n","protected":false},"excerpt":{"rendered":"<p>Bydlen\u00ed nen\u00ed jen o st\u011bn\u00e1ch a n\u00e1bytku \u2014 je to m\u00edsto, kde za\u010d\u00edn\u00e1me a kon\u010d\u00edme ka\u017ed\u00fd den. Jedn\u00edm z kl\u00ed\u010dov\u00fdch moment\u016f, kter\u00fd m\u016f\u017ee v\u00fdrazn\u011b ovlivnit na\u0161i n\u00e1ladu a energii, je sn\u00eddan\u011b. Proto stoj\u00ed za to zam\u011b\u0159it se na to, jak m\u016f\u017ee na\u0161e bydlen\u00ed podpo\u0159it zdrav\u00fd a p\u0159\u00edjemn\u00fd start do dne pr\u00e1v\u011b prost\u0159ednictv\u00edm sn\u00eddan\u011b. Prostor pro [&hellip;]<\/p>\n","protected":false},"author":4,"featured_media":2973,"comment_status":"closed","ping_status":"closed","sticky":false,"template":"","format":"standard","meta":{"tdm_status":"","tdm_grid_status":"","footnotes":""},"categories":[12],"tags":[],"class_list":{"0":"post-2972","1":"post","2":"type-post","3":"status-publish","4":"format-standard","5":"has-post-thumbnail","7":"category-bydleni"},"aioseo_notices":[],"amp_enabled":false,"_links":{"self":[{"href":"https:\/\/extrahome.cz\/index.php?rest_route=\/wp\/v2\/posts\/2972","targetHints":{"allow":["GET"]}}],"collection":[{"href":"https:\/\/extrahome.cz\/index.php?rest_route=\/wp\/v2\/posts"}],"about":[{"href":"https:\/\/extrahome.cz\/index.php?rest_route=\/wp\/v2\/types\/post"}],"author":[{"embeddable":true,"href":"https:\/\/extrahome.cz\/index.php?rest_route=\/wp\/v2\/users\/4"}],"replies":[{"embeddable":true,"href":"https:\/\/extrahome.cz\/index.php?rest_route=%2Fwp%2Fv2%2Fcomments&post=2972"}],"version-history":[{"count":1,"href":"https:\/\/extrahome.cz\/index.php?rest_route=\/wp\/v2\/posts\/2972\/revisions"}],"predecessor-version":[{"id":2974,"href":"https:\/\/extrahome.cz\/index.php?rest_route=\/wp\/v2\/posts\/2972\/revisions\/2974"}],"wp:featuredmedia":[{"embeddable":true,"href":"https:\/\/extrahome.cz\/index.php?rest_route=\/wp\/v2\/media\/2973"}],"wp:attachment":[{"href":"https:\/\/extrahome.cz\/index.php?rest_route=%2Fwp%2Fv2%2Fmedia&parent=2972"}],"wp:term":[{"taxonomy":"category","embeddable":true,"href":"https:\/\/extrahome.cz\/index.php?rest_route=%2Fwp%2Fv2%2Fcategories&post=2972"},{"taxonomy":"post_tag","embeddable":true,"href":"https:\/\/extrahome.cz\/index.php?rest_route=%2Fwp%2Fv2%2Ftags&post=2972"}],"curies":[{"name":"wp","href":"https:\/\/api.w.org\/{rel}","templated":true}]}}