{"id":3160,"date":"2025-07-06T17:49:16","date_gmt":"2025-07-06T15:49:16","guid":{"rendered":"https:\/\/extrahome.cz\/?p=3160"},"modified":"2025-07-06T17:49:16","modified_gmt":"2025-07-06T15:49:16","slug":"jak-na-podzimni-uklid-zahrady-pripravte-zahradu-na-zimu","status":"publish","type":"post","link":"https:\/\/extrahome.cz\/?p=3160","title":{"rendered":"Jak na podzimn\u00ed \u00faklid zahrady: P\u0159ipravte zahradu na zimu"},"content":{"rendered":"\n<p>Podzim je ide\u00e1ln\u00ed \u010das na \u00faklid zahrady a jej\u00ed p\u0159\u00edpravu na zimn\u00ed obdob\u00ed. Spr\u00e1vn\u00e1 p\u00e9\u010de pom\u016f\u017ee rostlin\u00e1m p\u0159e\u017e\u00edt chladn\u00e9 m\u011bs\u00edce a na ja\u0159e se zase rychle vzpamatovat.<\/p>\n\n\n\n<h4 class=\"wp-block-heading\">1.&nbsp;<strong>Sb\u011br spadan\u00e9ho list\u00ed<\/strong><\/h4>\n\n\n\n<ul class=\"wp-block-list\">\n<li>List\u00ed odstra\u0148ujte pravideln\u011b, aby nezat\u011b\u017eovalo tr\u00e1vn\u00edk a nezp\u016fsobovalo pl\u00edsn\u011b.<\/li>\n\n\n\n<li>List\u00ed lze vyu\u017e\u00edt na kompost, nebo na mul\u010dov\u00e1n\u00ed z\u00e1hon\u016f.<\/li>\n<\/ul>\n\n\n\n<h4 class=\"wp-block-heading\">2.&nbsp;<strong>Zast\u0159ihnut\u00ed tr\u00e1vn\u00edku a rostlin<\/strong><\/h4>\n\n\n\n<ul class=\"wp-block-list\">\n<li>Posledn\u00ed se\u010den\u00ed tr\u00e1vn\u00edku by m\u011blo b\u00fdt krat\u0161\u00ed ne\u017e v l\u00e9t\u011b.<\/li>\n\n\n\n<li>Odstra\u0148te such\u00e9 a po\u0161kozen\u00e9 \u010d\u00e1sti rostlin, kter\u00e9 by mohly b\u00fdt zdrojem chorob.<\/li>\n<\/ul>\n\n\n\n<h4 class=\"wp-block-heading\">3.&nbsp;<strong>\u010ci\u0161t\u011bn\u00ed z\u00e1hon\u016f a z\u00e1vlaha<\/strong><\/h4>\n\n\n\n<ul class=\"wp-block-list\">\n<li>Odstra\u0148te zbytky rostlin a plevel.<\/li>\n\n\n\n<li>Zal\u00e9vejte rostliny do doby, ne\u017e p\u016fda zamrzne, aby m\u011bly dostatek vl\u00e1hy.<\/li>\n<\/ul>\n\n\n\n<h4 class=\"wp-block-heading\">4.&nbsp;<strong>Ochrana rostlin<\/strong><\/h4>\n\n\n\n<ul class=\"wp-block-list\">\n<li>Choulostiv\u011bj\u0161\u00ed rostliny p\u0159ikryjte netkanou textili\u00ed nebo chvoj\u00edm.<\/li>\n\n\n\n<li>U citliv\u00fdch d\u0159evin zva\u017ete ochranu km\u00ednk\u016f proti hlodavc\u016fm.<\/li>\n<\/ul>\n\n\n\n<h4 class=\"wp-block-heading\">5.&nbsp;<strong>\u00daklid zahradn\u00edho n\u00e1\u0159ad\u00ed a n\u00e1bytku<\/strong><\/h4>\n\n\n\n<ul class=\"wp-block-list\">\n<li>N\u00e1\u0159ad\u00ed o\u010dist\u011bte, naolejujte a uskladn\u011bte.<\/li>\n\n\n\n<li>Zahradn\u00ed n\u00e1bytek zakryjte nebo ulo\u017ete do sucha.<\/li>\n<\/ul>\n\n\n\n<hr class=\"wp-block-separator has-alpha-channel-opacity\"\/>\n\n\n\n<h3 class=\"wp-block-heading\">Z\u00e1v\u011br<\/h3>\n\n\n\n<p>Podzimn\u00ed \u00faklid je nezbytnou p\u0159\u00edpravou zahrady na zimu. Kdy\u017e v\u0161e spr\u00e1vn\u011b p\u0159iprav\u00edte, pom\u016f\u017eete rostlin\u00e1m p\u0159e\u010dkat zimu zdrav\u00e9 a na ja\u0159e se m\u016f\u017eete t\u011b\u0161it na sv\u011b\u017e\u00ed a kr\u00e1snou zahradu.<\/p>\n","protected":false},"excerpt":{"rendered":"<p>Podzim je ide\u00e1ln\u00ed \u010das na \u00faklid zahrady a jej\u00ed p\u0159\u00edpravu na zimn\u00ed obdob\u00ed. Spr\u00e1vn\u00e1 p\u00e9\u010de pom\u016f\u017ee rostlin\u00e1m p\u0159e\u017e\u00edt chladn\u00e9 m\u011bs\u00edce a na ja\u0159e se zase rychle vzpamatovat. 1.&nbsp;Sb\u011br spadan\u00e9ho list\u00ed 2.&nbsp;Zast\u0159ihnut\u00ed tr\u00e1vn\u00edku a rostlin 3.&nbsp;\u010ci\u0161t\u011bn\u00ed z\u00e1hon\u016f a z\u00e1vlaha 4.&nbsp;Ochrana rostlin 5.&nbsp;\u00daklid zahradn\u00edho n\u00e1\u0159ad\u00ed a n\u00e1bytku Z\u00e1v\u011br Podzimn\u00ed \u00faklid je nezbytnou p\u0159\u00edpravou zahrady na zimu. Kdy\u017e [&hellip;]<\/p>\n","protected":false},"author":4,"featured_media":3161,"comment_status":"closed","ping_status":"closed","sticky":false,"template":"","format":"standard","meta":{"tdm_status":"","tdm_grid_status":"","footnotes":""},"categories":[155],"tags":[],"class_list":{"0":"post-3160","1":"post","2":"type-post","3":"status-publish","4":"format-standard","5":"has-post-thumbnail","7":"category-zahrada"},"aioseo_notices":[],"amp_enabled":false,"_links":{"self":[{"href":"https:\/\/extrahome.cz\/index.php?rest_route=\/wp\/v2\/posts\/3160","targetHints":{"allow":["GET"]}}],"collection":[{"href":"https:\/\/extrahome.cz\/index.php?rest_route=\/wp\/v2\/posts"}],"about":[{"href":"https:\/\/extrahome.cz\/index.php?rest_route=\/wp\/v2\/types\/post"}],"author":[{"embeddable":true,"href":"https:\/\/extrahome.cz\/index.php?rest_route=\/wp\/v2\/users\/4"}],"replies":[{"embeddable":true,"href":"https:\/\/extrahome.cz\/index.php?rest_route=%2Fwp%2Fv2%2Fcomments&post=3160"}],"version-history":[{"count":1,"href":"https:\/\/extrahome.cz\/index.php?rest_route=\/wp\/v2\/posts\/3160\/revisions"}],"predecessor-version":[{"id":3162,"href":"https:\/\/extrahome.cz\/index.php?rest_route=\/wp\/v2\/posts\/3160\/revisions\/3162"}],"wp:featuredmedia":[{"embeddable":true,"href":"https:\/\/extrahome.cz\/index.php?rest_route=\/wp\/v2\/media\/3161"}],"wp:attachment":[{"href":"https:\/\/extrahome.cz\/index.php?rest_route=%2Fwp%2Fv2%2Fmedia&parent=3160"}],"wp:term":[{"taxonomy":"category","embeddable":true,"href":"https:\/\/extrahome.cz\/index.php?rest_route=%2Fwp%2Fv2%2Fcategories&post=3160"},{"taxonomy":"post_tag","embeddable":true,"href":"https:\/\/extrahome.cz\/index.php?rest_route=%2Fwp%2Fv2%2Ftags&post=3160"}],"curies":[{"name":"wp","href":"https:\/\/api.w.org\/{rel}","templated":true}]}}