{"id":3196,"date":"2025-07-06T18:13:45","date_gmt":"2025-07-06T16:13:45","guid":{"rendered":"https:\/\/extrahome.cz\/?p=3196"},"modified":"2025-07-06T18:13:46","modified_gmt":"2025-07-06T16:13:46","slug":"jak-na-vertikalni-zahradu-vyuziti-prostoru-pro-mestske-pestovani","status":"publish","type":"post","link":"https:\/\/extrahome.cz\/?p=3196","title":{"rendered":"Jak na vertik\u00e1ln\u00ed zahradu: Vyu\u017eit\u00ed prostoru pro m\u011bstsk\u00e9 p\u011bstov\u00e1n\u00ed"},"content":{"rendered":"\n<p>Vertik\u00e1ln\u00ed zahrady jsou ide\u00e1ln\u00edm \u0159e\u0161en\u00edm pro ty, kte\u0159\u00ed maj\u00ed m\u00e1lo m\u00edsta, ale cht\u011bj\u00ed si u\u017e\u00edt radost z p\u011bstov\u00e1n\u00ed rostlin. Skv\u011ble se hod\u00ed na balkony, terasy nebo i do interi\u00e9ru.<\/p>\n\n\n\n<h4 class=\"wp-block-heading\">1.&nbsp;<strong>V\u00fdhody vertik\u00e1ln\u00ed zahrady<\/strong><\/h4>\n\n\n\n<ul class=\"wp-block-list\">\n<li>\u0160et\u0159\u00ed m\u00edsto \u2013 rostliny rostou do v\u00fd\u0161ky, ne do \u0161\u00ed\u0159ky.<\/li>\n\n\n\n<li>Vylep\u0161uje estetiku prostoru a m\u016f\u017ee fungovat jako zelen\u00e1 st\u011bna.<\/li>\n\n\n\n<li>Pom\u00e1h\u00e1 zlep\u0161it kvalitu vzduchu a izolovat hluk.<\/li>\n<\/ul>\n\n\n\n<h4 class=\"wp-block-heading\">2.&nbsp;<strong>V\u00fdb\u011br konstrukce<\/strong><\/h4>\n\n\n\n<ul class=\"wp-block-list\">\n<li>Pou\u017eijte speci\u00e1ln\u00ed vertik\u00e1ln\u00ed syst\u00e9my, z\u00e1v\u011bsn\u00e9 kaps\u00e1\u0159e nebo reg\u00e1ly.<\/li>\n\n\n\n<li>D\u00e1 se vyu\u017e\u00edt i star\u00fd palet nebo z\u00e1v\u011bsn\u00fdch ta\u0161ek.<\/li>\n<\/ul>\n\n\n\n<h4 class=\"wp-block-heading\">3.&nbsp;<strong>V\u00fdb\u011br rostlin<\/strong><\/h4>\n\n\n\n<ul class=\"wp-block-list\">\n<li>Ide\u00e1ln\u00ed jsou bylinky, mal\u00e9 zeleniny, sukulenty nebo pop\u00ednav\u00e9 rostliny.<\/li>\n\n\n\n<li>Vyberte rostliny podle sv\u011bteln\u00fdch podm\u00ednek \u2013 slunce \u010di st\u00edn.<\/li>\n<\/ul>\n\n\n\n<h4 class=\"wp-block-heading\">4.&nbsp;<strong>Zal\u00e9v\u00e1n\u00ed a p\u00e9\u010de<\/strong><\/h4>\n\n\n\n<ul class=\"wp-block-list\">\n<li>Vertik\u00e1ln\u00ed zahrady \u010dasto vy\u017eaduj\u00ed \u010dast\u011bj\u0161\u00ed zal\u00e9v\u00e1n\u00ed, proto\u017ee p\u016fda rychleji vysych\u00e1.<\/li>\n\n\n\n<li>Pou\u017e\u00edvejte kapkovou z\u00e1vlahu nebo zal\u00e9vejte opatrn\u011b, aby voda neodt\u00e9kala.<\/li>\n<\/ul>\n\n\n\n<h4 class=\"wp-block-heading\">5.&nbsp;<strong>\u00dadr\u017eba<\/strong><\/h4>\n\n\n\n<ul class=\"wp-block-list\">\n<li>Pravideln\u011b odstra\u0148ujte uschl\u00e9 listy a rostliny zast\u0159ihujte.<\/li>\n\n\n\n<li>Kontrolujte zdrav\u00ed rostlin a p\u0159\u00edpadn\u011b p\u0159ihnojujte.<\/li>\n<\/ul>\n\n\n\n<hr class=\"wp-block-separator has-alpha-channel-opacity\"\/>\n\n\n\n<h3 class=\"wp-block-heading\">Z\u00e1v\u011br<\/h3>\n\n\n\n<p>Vertik\u00e1ln\u00ed zahrada je praktick\u00fdm a stylov\u00fdm \u0159e\u0161en\u00edm, jak m\u00edt doma nebo na balkon\u011b v\u00edce zelen\u011b, i kdy\u017e nem\u00e1te velk\u00fd pozemek. Sta\u010d\u00ed p\u00e1r n\u00e1pad\u016f a trocha p\u00e9\u010de, a va\u0161e zelen\u00e1 st\u011bna o\u017eije.<\/p>\n","protected":false},"excerpt":{"rendered":"<p>Vertik\u00e1ln\u00ed zahrady jsou ide\u00e1ln\u00edm \u0159e\u0161en\u00edm pro ty, kte\u0159\u00ed maj\u00ed m\u00e1lo m\u00edsta, ale cht\u011bj\u00ed si u\u017e\u00edt radost z p\u011bstov\u00e1n\u00ed rostlin. Skv\u011ble se hod\u00ed na balkony, terasy nebo i do interi\u00e9ru. 1.&nbsp;V\u00fdhody vertik\u00e1ln\u00ed zahrady 2.&nbsp;V\u00fdb\u011br konstrukce 3.&nbsp;V\u00fdb\u011br rostlin 4.&nbsp;Zal\u00e9v\u00e1n\u00ed a p\u00e9\u010de 5.&nbsp;\u00dadr\u017eba Z\u00e1v\u011br Vertik\u00e1ln\u00ed zahrada je praktick\u00fdm a stylov\u00fdm \u0159e\u0161en\u00edm, jak m\u00edt doma nebo na balkon\u011b v\u00edce [&hellip;]<\/p>\n","protected":false},"author":4,"featured_media":3197,"comment_status":"closed","ping_status":"closed","sticky":false,"template":"","format":"standard","meta":{"tdm_status":"","tdm_grid_status":"","footnotes":""},"categories":[155],"tags":[],"class_list":{"0":"post-3196","1":"post","2":"type-post","3":"status-publish","4":"format-standard","5":"has-post-thumbnail","7":"category-zahrada"},"aioseo_notices":[],"amp_enabled":false,"_links":{"self":[{"href":"https:\/\/extrahome.cz\/index.php?rest_route=\/wp\/v2\/posts\/3196","targetHints":{"allow":["GET"]}}],"collection":[{"href":"https:\/\/extrahome.cz\/index.php?rest_route=\/wp\/v2\/posts"}],"about":[{"href":"https:\/\/extrahome.cz\/index.php?rest_route=\/wp\/v2\/types\/post"}],"author":[{"embeddable":true,"href":"https:\/\/extrahome.cz\/index.php?rest_route=\/wp\/v2\/users\/4"}],"replies":[{"embeddable":true,"href":"https:\/\/extrahome.cz\/index.php?rest_route=%2Fwp%2Fv2%2Fcomments&post=3196"}],"version-history":[{"count":1,"href":"https:\/\/extrahome.cz\/index.php?rest_route=\/wp\/v2\/posts\/3196\/revisions"}],"predecessor-version":[{"id":3198,"href":"https:\/\/extrahome.cz\/index.php?rest_route=\/wp\/v2\/posts\/3196\/revisions\/3198"}],"wp:featuredmedia":[{"embeddable":true,"href":"https:\/\/extrahome.cz\/index.php?rest_route=\/wp\/v2\/media\/3197"}],"wp:attachment":[{"href":"https:\/\/extrahome.cz\/index.php?rest_route=%2Fwp%2Fv2%2Fmedia&parent=3196"}],"wp:term":[{"taxonomy":"category","embeddable":true,"href":"https:\/\/extrahome.cz\/index.php?rest_route=%2Fwp%2Fv2%2Fcategories&post=3196"},{"taxonomy":"post_tag","embeddable":true,"href":"https:\/\/extrahome.cz\/index.php?rest_route=%2Fwp%2Fv2%2Ftags&post=3196"}],"curies":[{"name":"wp","href":"https:\/\/api.w.org\/{rel}","templated":true}]}}